{"id":1067,"date":"2018-01-12T13:42:36","date_gmt":"2018-01-12T12:42:36","guid":{"rendered":"https:\/\/www.swanmedical.es\/?p=1067"},"modified":"2018-01-22T12:57:38","modified_gmt":"2018-01-22T11:57:38","slug":"arab-health-on-mon-la-salut-va-fer-negocis","status":"publish","type":"post","link":"https:\/\/www.swanmedical.es\/ca\/arab-health-on-mon-la-salut-va-fer-negocis\/","title":{"rendered":"Arab Health: on el m\u00f3n de la salut va a fer negocis"},"content":{"rendered":"[vc_row type=&#8221;in_container&#8221; full_screen_row_position=&#8221;middle&#8221; scene_position=&#8221;center&#8221; text_color=&#8221;dark&#8221; text_align=&#8221;left&#8221; overlay_strength=&#8221;0.3&#8243; shape_divider_position=&#8221;bottom&#8221;][vc_column column_padding=&#8221;no-extra-padding&#8221; column_padding_position=&#8221;all&#8221; background_color_opacity=&#8221;1&#8243; background_hover_color_opacity=&#8221;1&#8243; column_shadow=&#8221;none&#8221; column_border_radius=&#8221;none&#8221; width=&#8221;1\/1&#8243; tablet_text_alignment=&#8221;default&#8221; phone_text_alignment=&#8221;default&#8221; column_border_width=&#8221;none&#8221; column_border_style=&#8221;solid&#8221;][vc_column_text]A Swan Medical S.L. serem a la seg\u00fcent edici\u00f3 de la fira Arab Health, la trobada m\u00e9s nombrosa de professionals de la salut i l\u2019assist\u00e8ncia m\u00e8dica de la regi\u00f3 de l\u2019Orient Mitj\u00e0 i el Nord d\u2019\u00c0frica, a l\u2019<strong>Stand C57 del Pavell\u00f3 SA<\/strong>, per presentar el Rutilight\u00ae i buscar distribu\u00efdors per tot el m\u00f3n.<\/p>\n<p>En aquesta edici\u00f3 de 2018 s\u2019esperen m\u00e9s de 4.200 empreses expositores i 103.000 assistents d\u2019uns 150 pa\u00efsos.<\/p>\n<p>En paral\u00b7lel hi haur\u00e0 19 negocis, l\u00edders i confer\u00e8ncies per la Formaci\u00f3 M\u00e8dica Continuada que oferiran les \u00faltimes novetat i coneixements sobre procediments, t\u00e8cniques i compet\u00e8ncies d\u2019avantguarda.<\/p>\n<p>L\u2019esdeveniment ser\u00e0 del <strong>29 de gener a l\u20191 de febrer de 2018.<\/strong><\/p>\n<p>M\u00e9s informaci\u00f3: <a href=\"http:\/\/www.arabhealthonline.com\" target=\"_blank\" rel=\"noopener\">www.arabhealthonline.com<\/a>[\/vc_column_text][\/vc_column][\/vc_row]\n","protected":false},"excerpt":{"rendered":"<p>[vc_row type=&#8221;in_container&#8221; full_screen_row_position=&#8221;middle&#8221; scene_position=&#8221;center&#8221; text_color=&#8221;dark&#8221; text_align=&#8221;left&#8221; overlay_strength=&#8221;0.3&#8243; shape_divider_position=&#8221;bottom&#8221;][vc_column column_padding=&#8221;no-extra-padding&#8221; column_padding_position=&#8221;all&#8221; background_color_opacity=&#8221;1&#8243; background_hover_color_opacity=&#8221;1&#8243; column_shadow=&#8221;none&#8221; column_border_radius=&#8221;none&#8221; width=&#8221;1\/1&#8243; tablet_text_alignment=&#8221;default&#8221; phone_text_alignment=&#8221;default&#8221; column_border_width=&#8221;none&#8221; column_border_style=&#8221;solid&#8221;][vc_column_text]A Swan Medical S.L. serem a la seg\u00fcent edici\u00f3 de la fira&#8230;<\/p>\n","protected":false},"author":7,"featured_media":547,"comment_status":"closed","ping_status":"open","sticky":false,"template":"","format":"standard","meta":{"inline_featured_image":false,"_monsterinsights_skip_tracking":false,"_monsterinsights_sitenote_active":false,"_monsterinsights_sitenote_note":"","_monsterinsights_sitenote_category":0,"footnotes":""},"categories":[9,4],"tags":[],"class_list":{"0":"post-1067","1":"post","2":"type-post","3":"status-publish","4":"format-standard","5":"has-post-thumbnail","7":"category-swan-medical-ca","8":"category-uncategorized-ca"},"yoast_head":"<!-- This site is optimized with the Yoast SEO plugin v27.0 - https:\/\/yoast.com\/product\/yoast-seo-wordpress\/ -->\n<title>Arab Health: on el m\u00f3n de la salut va a fer negocis - Swan Medical<\/title>\n<meta name=\"robots\" content=\"index, follow, max-snippet:-1, max-image-preview:large, max-video-preview:-1\" \/>\n<link rel=\"canonical\" href=\"https:\/\/www.swanmedical.es\/ca\/arab-health-on-mon-la-salut-va-fer-negocis\/\" \/>\n<meta property=\"og:locale\" content=\"ca_ES\" \/>\n<meta property=\"og:type\" content=\"article\" \/>\n<meta property=\"og:title\" content=\"Arab Health: on el m\u00f3n de la salut va a fer negocis - Swan Medical\" \/>\n<meta property=\"og:description\" content=\"[vc_row type=&#8221;in_container&#8221; full_screen_row_position=&#8221;middle&#8221; scene_position=&#8221;center&#8221; text_color=&#8221;dark&#8221; text_align=&#8221;left&#8221; overlay_strength=&#8221;0.3&#8243; shape_divider_position=&#8221;bottom&#8221;][vc_column column_padding=&#8221;no-extra-padding&#8221; column_padding_position=&#8221;all&#8221; background_color_opacity=&#8221;1&#8243; background_hover_color_opacity=&#8221;1&#8243; column_shadow=&#8221;none&#8221; column_border_radius=&#8221;none&#8221; width=&#8221;1\/1&#8243; tablet_text_alignment=&#8221;default&#8221; phone_text_alignment=&#8221;default&#8221; column_border_width=&#8221;none&#8221; column_border_style=&#8221;solid&#8221;][vc_column_text]A Swan Medical S.L. serem a la seg\u00fcent edici\u00f3 de la fira...\" \/>\n<meta property=\"og:url\" content=\"https:\/\/www.swanmedical.es\/ca\/arab-health-on-mon-la-salut-va-fer-negocis\/\" \/>\n<meta property=\"og:site_name\" content=\"Swan Medical\" \/>\n<meta property=\"article:published_time\" content=\"2018-01-12T12:42:36+00:00\" \/>\n<meta property=\"article:modified_time\" content=\"2018-01-22T11:57:38+00:00\" \/>\n<meta property=\"og:image\" content=\"https:\/\/www.swanmedical.es\/wp-content\/uploads\/2017\/12\/swan-medical-1.jpg\" \/>\n\t<meta property=\"og:image:width\" content=\"397\" \/>\n\t<meta property=\"og:image:height\" content=\"300\" \/>\n\t<meta property=\"og:image:type\" content=\"image\/jpeg\" \/>\n<meta name=\"author\" content=\"Swan Medical\" \/>\n<meta name=\"twitter:card\" content=\"summary_large_image\" \/>\n<meta name=\"twitter:image\" content=\"https:\/\/www.swanmedical.es\/wp-content\/uploads\/2017\/12\/swan-medical-1.jpg\" \/>\n<meta name=\"twitter:label1\" content=\"Written by\" \/>\n\t<meta name=\"twitter:data1\" content=\"Swan Medical\" \/>\n\t<meta name=\"twitter:label2\" content=\"Est. reading time\" \/>\n\t<meta name=\"twitter:data2\" content=\"1 minute\" \/>\n<script type=\"application\/ld+json\" class=\"yoast-schema-graph\">{\"@context\":\"https:\/\/schema.org\",\"@graph\":[{\"@type\":\"Article\",\"@id\":\"https:\/\/www.swanmedical.es\/ca\/arab-health-on-mon-la-salut-va-fer-negocis\/#article\",\"isPartOf\":{\"@id\":\"https:\/\/www.swanmedical.es\/ca\/arab-health-on-mon-la-salut-va-fer-negocis\/\"},\"author\":{\"name\":\"Swan Medical\",\"@id\":\"https:\/\/www.swanmedical.es\/#\/schema\/person\/e181525c4976aef482d4f545b06caf88\"},\"headline\":\"Arab Health: on el m\u00f3n de la salut va a fer negocis\",\"datePublished\":\"2018-01-12T12:42:36+00:00\",\"dateModified\":\"2018-01-22T11:57:38+00:00\",\"mainEntityOfPage\":{\"@id\":\"https:\/\/www.swanmedical.es\/ca\/arab-health-on-mon-la-salut-va-fer-negocis\/\"},\"wordCount\":219,\"publisher\":{\"@id\":\"https:\/\/www.swanmedical.es\/#organization\"},\"image\":{\"@id\":\"https:\/\/www.swanmedical.es\/ca\/arab-health-on-mon-la-salut-va-fer-negocis\/#primaryimage\"},\"thumbnailUrl\":\"https:\/\/www.swanmedical.es\/wp-content\/uploads\/2017\/12\/img-bloc.png\",\"articleSection\":[\"Swan Medical\",\"Uncategorized @ca\"],\"inLanguage\":\"ca\"},{\"@type\":\"WebPage\",\"@id\":\"https:\/\/www.swanmedical.es\/ca\/arab-health-on-mon-la-salut-va-fer-negocis\/\",\"url\":\"https:\/\/www.swanmedical.es\/ca\/arab-health-on-mon-la-salut-va-fer-negocis\/\",\"name\":\"Arab Health: on el m\u00f3n de la salut va a fer negocis - Swan Medical\",\"isPartOf\":{\"@id\":\"https:\/\/www.swanmedical.es\/#website\"},\"primaryImageOfPage\":{\"@id\":\"https:\/\/www.swanmedical.es\/ca\/arab-health-on-mon-la-salut-va-fer-negocis\/#primaryimage\"},\"image\":{\"@id\":\"https:\/\/www.swanmedical.es\/ca\/arab-health-on-mon-la-salut-va-fer-negocis\/#primaryimage\"},\"thumbnailUrl\":\"https:\/\/www.swanmedical.es\/wp-content\/uploads\/2017\/12\/img-bloc.png\",\"datePublished\":\"2018-01-12T12:42:36+00:00\",\"dateModified\":\"2018-01-22T11:57:38+00:00\",\"breadcrumb\":{\"@id\":\"https:\/\/www.swanmedical.es\/ca\/arab-health-on-mon-la-salut-va-fer-negocis\/#breadcrumb\"},\"inLanguage\":\"ca\",\"potentialAction\":[{\"@type\":\"ReadAction\",\"target\":[\"https:\/\/www.swanmedical.es\/ca\/arab-health-on-mon-la-salut-va-fer-negocis\/\"]}]},{\"@type\":\"ImageObject\",\"inLanguage\":\"ca\",\"@id\":\"https:\/\/www.swanmedical.es\/ca\/arab-health-on-mon-la-salut-va-fer-negocis\/#primaryimage\",\"url\":\"https:\/\/www.swanmedical.es\/wp-content\/uploads\/2017\/12\/img-bloc.png\",\"contentUrl\":\"https:\/\/www.swanmedical.es\/wp-content\/uploads\/2017\/12\/img-bloc.png\",\"width\":762,\"height\":354,\"caption\":\"Noticias Rutilight\"},{\"@type\":\"BreadcrumbList\",\"@id\":\"https:\/\/www.swanmedical.es\/ca\/arab-health-on-mon-la-salut-va-fer-negocis\/#breadcrumb\",\"itemListElement\":[{\"@type\":\"ListItem\",\"position\":1,\"name\":\"Home\",\"item\":\"https:\/\/www.swanmedical.es\/ca\/\"},{\"@type\":\"ListItem\",\"position\":2,\"name\":\"Arab Health: on el m\u00f3n de la salut va a fer negocis\"}]},{\"@type\":\"WebSite\",\"@id\":\"https:\/\/www.swanmedical.es\/#website\",\"url\":\"https:\/\/www.swanmedical.es\/\",\"name\":\"Swan Medical\",\"description\":\"\",\"publisher\":{\"@id\":\"https:\/\/www.swanmedical.es\/#organization\"},\"potentialAction\":[{\"@type\":\"SearchAction\",\"target\":{\"@type\":\"EntryPoint\",\"urlTemplate\":\"https:\/\/www.swanmedical.es\/?s={search_term_string}\"},\"query-input\":{\"@type\":\"PropertyValueSpecification\",\"valueRequired\":true,\"valueName\":\"search_term_string\"}}],\"inLanguage\":\"ca\"},{\"@type\":\"Organization\",\"@id\":\"https:\/\/www.swanmedical.es\/#organization\",\"name\":\"Swan Medical\",\"url\":\"https:\/\/www.swanmedical.es\/\",\"logo\":{\"@type\":\"ImageObject\",\"inLanguage\":\"ca\",\"@id\":\"https:\/\/www.swanmedical.es\/#\/schema\/logo\/image\/\",\"url\":\"https:\/\/www.swanmedical.es\/wp-content\/uploads\/2017\/12\/swan-medical-1.jpg\",\"contentUrl\":\"https:\/\/www.swanmedical.es\/wp-content\/uploads\/2017\/12\/swan-medical-1.jpg\",\"width\":397,\"height\":300,\"caption\":\"Swan Medical\"},\"image\":{\"@id\":\"https:\/\/www.swanmedical.es\/#\/schema\/logo\/image\/\"}},{\"@type\":\"Person\",\"@id\":\"https:\/\/www.swanmedical.es\/#\/schema\/person\/e181525c4976aef482d4f545b06caf88\",\"name\":\"Swan Medical\",\"image\":{\"@type\":\"ImageObject\",\"inLanguage\":\"ca\",\"@id\":\"https:\/\/www.swanmedical.es\/#\/schema\/person\/image\/\",\"url\":\"https:\/\/secure.gravatar.com\/avatar\/27714cc04f3ede680d4eabaf493a0f3f1015735bb2e77d6906c5e7f8cc501d7e?s=96&d=mm&r=g\",\"contentUrl\":\"https:\/\/secure.gravatar.com\/avatar\/27714cc04f3ede680d4eabaf493a0f3f1015735bb2e77d6906c5e7f8cc501d7e?s=96&d=mm&r=g\",\"caption\":\"Swan Medical\"}}]}<\/script>\n<!-- \/ Yoast SEO plugin. -->","yoast_head_json":{"title":"Arab Health: on el m\u00f3n de la salut va a fer negocis - Swan Medical","robots":{"index":"index","follow":"follow","max-snippet":"max-snippet:-1","max-image-preview":"max-image-preview:large","max-video-preview":"max-video-preview:-1"},"canonical":"https:\/\/www.swanmedical.es\/ca\/arab-health-on-mon-la-salut-va-fer-negocis\/","og_locale":"ca_ES","og_type":"article","og_title":"Arab Health: on el m\u00f3n de la salut va a fer negocis - Swan Medical","og_description":"[vc_row type=&#8221;in_container&#8221; full_screen_row_position=&#8221;middle&#8221; scene_position=&#8221;center&#8221; text_color=&#8221;dark&#8221; text_align=&#8221;left&#8221; overlay_strength=&#8221;0.3&#8243; shape_divider_position=&#8221;bottom&#8221;][vc_column column_padding=&#8221;no-extra-padding&#8221; column_padding_position=&#8221;all&#8221; background_color_opacity=&#8221;1&#8243; background_hover_color_opacity=&#8221;1&#8243; column_shadow=&#8221;none&#8221; column_border_radius=&#8221;none&#8221; width=&#8221;1\/1&#8243; tablet_text_alignment=&#8221;default&#8221; phone_text_alignment=&#8221;default&#8221; column_border_width=&#8221;none&#8221; column_border_style=&#8221;solid&#8221;][vc_column_text]A Swan Medical S.L. serem a la seg\u00fcent edici\u00f3 de la fira...","og_url":"https:\/\/www.swanmedical.es\/ca\/arab-health-on-mon-la-salut-va-fer-negocis\/","og_site_name":"Swan Medical","article_published_time":"2018-01-12T12:42:36+00:00","article_modified_time":"2018-01-22T11:57:38+00:00","og_image":[{"width":397,"height":300,"url":"https:\/\/www.swanmedical.es\/wp-content\/uploads\/2017\/12\/swan-medical-1.jpg","type":"image\/jpeg"}],"author":"Swan Medical","twitter_card":"summary_large_image","twitter_image":"https:\/\/www.swanmedical.es\/wp-content\/uploads\/2017\/12\/swan-medical-1.jpg","twitter_misc":{"Written by":"Swan Medical","Est. reading time":"1 minute"},"schema":{"@context":"https:\/\/schema.org","@graph":[{"@type":"Article","@id":"https:\/\/www.swanmedical.es\/ca\/arab-health-on-mon-la-salut-va-fer-negocis\/#article","isPartOf":{"@id":"https:\/\/www.swanmedical.es\/ca\/arab-health-on-mon-la-salut-va-fer-negocis\/"},"author":{"name":"Swan Medical","@id":"https:\/\/www.swanmedical.es\/#\/schema\/person\/e181525c4976aef482d4f545b06caf88"},"headline":"Arab Health: on el m\u00f3n de la salut va a fer negocis","datePublished":"2018-01-12T12:42:36+00:00","dateModified":"2018-01-22T11:57:38+00:00","mainEntityOfPage":{"@id":"https:\/\/www.swanmedical.es\/ca\/arab-health-on-mon-la-salut-va-fer-negocis\/"},"wordCount":219,"publisher":{"@id":"https:\/\/www.swanmedical.es\/#organization"},"image":{"@id":"https:\/\/www.swanmedical.es\/ca\/arab-health-on-mon-la-salut-va-fer-negocis\/#primaryimage"},"thumbnailUrl":"https:\/\/www.swanmedical.es\/wp-content\/uploads\/2017\/12\/img-bloc.png","articleSection":["Swan Medical","Uncategorized @ca"],"inLanguage":"ca"},{"@type":"WebPage","@id":"https:\/\/www.swanmedical.es\/ca\/arab-health-on-mon-la-salut-va-fer-negocis\/","url":"https:\/\/www.swanmedical.es\/ca\/arab-health-on-mon-la-salut-va-fer-negocis\/","name":"Arab Health: on el m\u00f3n de la salut va a fer negocis - Swan Medical","isPartOf":{"@id":"https:\/\/www.swanmedical.es\/#website"},"primaryImageOfPage":{"@id":"https:\/\/www.swanmedical.es\/ca\/arab-health-on-mon-la-salut-va-fer-negocis\/#primaryimage"},"image":{"@id":"https:\/\/www.swanmedical.es\/ca\/arab-health-on-mon-la-salut-va-fer-negocis\/#primaryimage"},"thumbnailUrl":"https:\/\/www.swanmedical.es\/wp-content\/uploads\/2017\/12\/img-bloc.png","datePublished":"2018-01-12T12:42:36+00:00","dateModified":"2018-01-22T11:57:38+00:00","breadcrumb":{"@id":"https:\/\/www.swanmedical.es\/ca\/arab-health-on-mon-la-salut-va-fer-negocis\/#breadcrumb"},"inLanguage":"ca","potentialAction":[{"@type":"ReadAction","target":["https:\/\/www.swanmedical.es\/ca\/arab-health-on-mon-la-salut-va-fer-negocis\/"]}]},{"@type":"ImageObject","inLanguage":"ca","@id":"https:\/\/www.swanmedical.es\/ca\/arab-health-on-mon-la-salut-va-fer-negocis\/#primaryimage","url":"https:\/\/www.swanmedical.es\/wp-content\/uploads\/2017\/12\/img-bloc.png","contentUrl":"https:\/\/www.swanmedical.es\/wp-content\/uploads\/2017\/12\/img-bloc.png","width":762,"height":354,"caption":"Noticias Rutilight"},{"@type":"BreadcrumbList","@id":"https:\/\/www.swanmedical.es\/ca\/arab-health-on-mon-la-salut-va-fer-negocis\/#breadcrumb","itemListElement":[{"@type":"ListItem","position":1,"name":"Home","item":"https:\/\/www.swanmedical.es\/ca\/"},{"@type":"ListItem","position":2,"name":"Arab Health: on el m\u00f3n de la salut va a fer negocis"}]},{"@type":"WebSite","@id":"https:\/\/www.swanmedical.es\/#website","url":"https:\/\/www.swanmedical.es\/","name":"Swan Medical","description":"","publisher":{"@id":"https:\/\/www.swanmedical.es\/#organization"},"potentialAction":[{"@type":"SearchAction","target":{"@type":"EntryPoint","urlTemplate":"https:\/\/www.swanmedical.es\/?s={search_term_string}"},"query-input":{"@type":"PropertyValueSpecification","valueRequired":true,"valueName":"search_term_string"}}],"inLanguage":"ca"},{"@type":"Organization","@id":"https:\/\/www.swanmedical.es\/#organization","name":"Swan Medical","url":"https:\/\/www.swanmedical.es\/","logo":{"@type":"ImageObject","inLanguage":"ca","@id":"https:\/\/www.swanmedical.es\/#\/schema\/logo\/image\/","url":"https:\/\/www.swanmedical.es\/wp-content\/uploads\/2017\/12\/swan-medical-1.jpg","contentUrl":"https:\/\/www.swanmedical.es\/wp-content\/uploads\/2017\/12\/swan-medical-1.jpg","width":397,"height":300,"caption":"Swan Medical"},"image":{"@id":"https:\/\/www.swanmedical.es\/#\/schema\/logo\/image\/"}},{"@type":"Person","@id":"https:\/\/www.swanmedical.es\/#\/schema\/person\/e181525c4976aef482d4f545b06caf88","name":"Swan Medical","image":{"@type":"ImageObject","inLanguage":"ca","@id":"https:\/\/www.swanmedical.es\/#\/schema\/person\/image\/","url":"https:\/\/secure.gravatar.com\/avatar\/27714cc04f3ede680d4eabaf493a0f3f1015735bb2e77d6906c5e7f8cc501d7e?s=96&d=mm&r=g","contentUrl":"https:\/\/secure.gravatar.com\/avatar\/27714cc04f3ede680d4eabaf493a0f3f1015735bb2e77d6906c5e7f8cc501d7e?s=96&d=mm&r=g","caption":"Swan Medical"}}]}},"_links":{"self":[{"href":"https:\/\/www.swanmedical.es\/ca\/wp-json\/wp\/v2\/posts\/1067","targetHints":{"allow":["GET"]}}],"collection":[{"href":"https:\/\/www.swanmedical.es\/ca\/wp-json\/wp\/v2\/posts"}],"about":[{"href":"https:\/\/www.swanmedical.es\/ca\/wp-json\/wp\/v2\/types\/post"}],"author":[{"embeddable":true,"href":"https:\/\/www.swanmedical.es\/ca\/wp-json\/wp\/v2\/users\/7"}],"replies":[{"embeddable":true,"href":"https:\/\/www.swanmedical.es\/ca\/wp-json\/wp\/v2\/comments?post=1067"}],"version-history":[{"count":3,"href":"https:\/\/www.swanmedical.es\/ca\/wp-json\/wp\/v2\/posts\/1067\/revisions"}],"predecessor-version":[{"id":1092,"href":"https:\/\/www.swanmedical.es\/ca\/wp-json\/wp\/v2\/posts\/1067\/revisions\/1092"}],"wp:featuredmedia":[{"embeddable":true,"href":"https:\/\/www.swanmedical.es\/ca\/wp-json\/wp\/v2\/media\/547"}],"wp:attachment":[{"href":"https:\/\/www.swanmedical.es\/ca\/wp-json\/wp\/v2\/media?parent=1067"}],"wp:term":[{"taxonomy":"category","embeddable":true,"href":"https:\/\/www.swanmedical.es\/ca\/wp-json\/wp\/v2\/categories?post=1067"},{"taxonomy":"post_tag","embeddable":true,"href":"https:\/\/www.swanmedical.es\/ca\/wp-json\/wp\/v2\/tags?post=1067"}],"curies":[{"name":"wp","href":"https:\/\/api.w.org\/{rel}","templated":true}]}}